{"id":8646,"date":"2025-07-23T10:27:22","date_gmt":"2025-07-23T08:27:22","guid":{"rendered":"https:\/\/www.salbis.es\/?p=8646"},"modified":"2025-07-24T09:31:29","modified_gmt":"2025-07-24T07:31:29","slug":"networks-sensory-routes-and-contagion-of-well-being-in-el-bierzo","status":"publish","type":"post","link":"https:\/\/www.salbis.es\/en\/2025\/07\/23\/networks-sensory-routes-and-contagion-of-well-being-in-el-bierzo\/","title":{"rendered":"\u201cNetworks, sensory routes and contagion of well-being in El Bierzo\u201d."},"content":{"rendered":"<div dir=\"ltr\">\n<div class=\"gs\">\n<div class=\"\">\n<div id=\":mu\" class=\"ii gt adO\">\n<div id=\":mv\" class=\"a3s aiL \">\n<div dir=\"ltr\">\n<div>\n<p>Dr. Gema Serrano Gemes, researcher in the SALBIS group, and Dr. M\u00aaCristina Mart\u00ednez Fern\u00e1ndez (researcher in the HeQoL group), both researchers of the C\u00e1tedra ULEtech CIRCULAR presented the research project: Nature and Health in El Bierzo: Green Social Prescription, at the VII ARS Summer and VI Research Workshop last July 11 in Molinaseca. The project has been developed not only with the intention of becoming a relational experience capable of \u201ccreating a\u00a0<i>contagion<\/i>\u00a0of well-being\u201d among people, but also as a way to improve health by being in contact with nature. This initiative is expected to have an important impact on the creation of wealth in the territory of El Bierzo.<\/p>\n<p>The C\u00e1tedra ULEtech CIRCULAR\u00a0 intends to initiate pilots from the Ponferrada Campus to later transfer them to the territory. This initiative is evidence of the path of the C\u00e1tedra ULEtech CIRCULAR in which participates El Ayuntamiento de Ponferrada, El Consejo Comarcal de El Bierzo, BIO-3, Ayuntamiento de Cubillos del Sil, Ayuntamiento de Bembibre, Ayuntamiento de P\u00e1ramo del Sil, and Asprona Bierzo.<\/p>\n<\/div>\n<\/div>\n<div class=\"yj6qo ajU\">\n<div id=\":mj\" class=\"ajR\" tabindex=\"0\" role=\"button\" data-tooltip=\"Mostrar contenido reducido\" aria-label=\"Mostrar contenido reducido\" aria-expanded=\"false\"><\/div>\n<\/div>\n<\/div>\n<\/div>\n<\/div>\n<\/div>\n<\/div>\n<p><img fetchpriority=\"high\" decoding=\"async\" class=\"alignnone size-medium wp-image-8644\" src=\"https:\/\/www.salbis.es\/wp-content\/uploads\/2025\/07\/IMG_8924-1-300x225.jpg\" alt=\"\" width=\"300\" height=\"225\" srcset=\"https:\/\/www.salbis.es\/wp-content\/uploads\/2025\/07\/IMG_8924-1-300x225.jpg 300w, https:\/\/www.salbis.es\/wp-content\/uploads\/2025\/07\/IMG_8924-1-1024x768.jpg 1024w, https:\/\/www.salbis.es\/wp-content\/uploads\/2025\/07\/IMG_8924-1-768x576.jpg 768w, https:\/\/www.salbis.es\/wp-content\/uploads\/2025\/07\/IMG_8924-1-1536x1152.jpg 1536w, https:\/\/www.salbis.es\/wp-content\/uploads\/2025\/07\/IMG_8924-1-2048x1536.jpg 2048w, https:\/\/www.salbis.es\/wp-content\/uploads\/2025\/07\/IMG_8924-1-2016x1512.jpg 2016w\" sizes=\"(max-width: 300px) 100vw, 300px\" \/><\/p>\n","protected":false},"excerpt":{"rendered":"<p>Dr. Gema Serrano Gemes, researcher in the SALBIS group, and Dr. M\u00aaCristina Mart\u00ednez Fern\u00e1ndez (researcher in the HeQoL group), both researchers of the C\u00e1tedra ULEtech CIRCULAR presented the research project: Nature and Health in El Bierzo: Green Social Prescription, at the VII ARS Summer and VI Research Workshop last July 11 in Molinaseca. The project [&hellip;]<\/p>\n","protected":false},"author":9,"featured_media":8644,"comment_status":"open","ping_status":"open","sticky":false,"template":"","format":"standard","meta":{"footnotes":""},"categories":[60],"tags":[],"class_list":["post-8646","post","type-post","status-publish","format-standard","has-post-thumbnail","hentry","category-congress"],"aioseo_notices":[],"_links":{"self":[{"href":"https:\/\/www.salbis.es\/en\/wp-json\/wp\/v2\/posts\/8646","targetHints":{"allow":["GET"]}}],"collection":[{"href":"https:\/\/www.salbis.es\/en\/wp-json\/wp\/v2\/posts"}],"about":[{"href":"https:\/\/www.salbis.es\/en\/wp-json\/wp\/v2\/types\/post"}],"author":[{"embeddable":true,"href":"https:\/\/www.salbis.es\/en\/wp-json\/wp\/v2\/users\/9"}],"replies":[{"embeddable":true,"href":"https:\/\/www.salbis.es\/en\/wp-json\/wp\/v2\/comments?post=8646"}],"version-history":[{"count":3,"href":"https:\/\/www.salbis.es\/en\/wp-json\/wp\/v2\/posts\/8646\/revisions"}],"predecessor-version":[{"id":8667,"href":"https:\/\/www.salbis.es\/en\/wp-json\/wp\/v2\/posts\/8646\/revisions\/8667"}],"wp:featuredmedia":[{"embeddable":true,"href":"https:\/\/www.salbis.es\/en\/wp-json\/wp\/v2\/media\/8644"}],"wp:attachment":[{"href":"https:\/\/www.salbis.es\/en\/wp-json\/wp\/v2\/media?parent=8646"}],"wp:term":[{"taxonomy":"category","embeddable":true,"href":"https:\/\/www.salbis.es\/en\/wp-json\/wp\/v2\/categories?post=8646"},{"taxonomy":"post_tag","embeddable":true,"href":"https:\/\/www.salbis.es\/en\/wp-json\/wp\/v2\/tags?post=8646"}],"curies":[{"name":"wp","href":"https:\/\/api.w.org\/{rel}","templated":true}]}}