{"id":8474,"date":"2025-03-10T09:26:30","date_gmt":"2025-03-10T08:26:30","guid":{"rendered":"https:\/\/www.salbis.es\/?p=8474"},"modified":"2025-03-10T09:26:30","modified_gmt":"2025-03-10T08:26:30","slug":"professor-in-the-salbis-research-group","status":"publish","type":"post","link":"https:\/\/www.salbis.es\/en\/2025\/03\/10\/professor-in-the-salbis-research-group\/","title":{"rendered":"Professor in the SALBIS Research Group"},"content":{"rendered":"<p>Pilar Marqu\u00e9s, member of the SALBIS Research Group will assume the Chair of University Professor on 3 March 2025. Marqu\u00e9s is the first nurse professor in Castilla y Le\u00f3n, and thanks all the people who have been part of this achievement: her family, friends, colleagues in the Department of Nursing and Physiotherapy and her advisors. On the other hand, she underlines a special thanks to her colleagues in the SALBIS research group for their support and trust.<br \/>\nFrom here on, her commitment is reaffirmed and her responsibility to the nursing profession is reaffirmed.<\/p>\n<p><img fetchpriority=\"high\" decoding=\"async\" class=\"size-large wp-image-8472 aligncenter\" src=\"https:\/\/www.salbis.es\/wp-content\/uploads\/2025\/03\/Catedratica-en-el-Grupo-de-Investigacion-SALBIS_2-1024x577.jpg\" alt=\"Catedr\u00e1tica en el Grupo de Investigaci\u00f3n SALBIS_2\" width=\"1024\" height=\"577\" srcset=\"https:\/\/www.salbis.es\/wp-content\/uploads\/2025\/03\/Catedratica-en-el-Grupo-de-Investigacion-SALBIS_2-1024x577.jpg 1024w, https:\/\/www.salbis.es\/wp-content\/uploads\/2025\/03\/Catedratica-en-el-Grupo-de-Investigacion-SALBIS_2-300x169.jpg 300w, https:\/\/www.salbis.es\/wp-content\/uploads\/2025\/03\/Catedratica-en-el-Grupo-de-Investigacion-SALBIS_2-768x432.jpg 768w, https:\/\/www.salbis.es\/wp-content\/uploads\/2025\/03\/Catedratica-en-el-Grupo-de-Investigacion-SALBIS_2-1536x865.jpg 1536w, https:\/\/www.salbis.es\/wp-content\/uploads\/2025\/03\/Catedratica-en-el-Grupo-de-Investigacion-SALBIS_2-2048x1153.jpg 2048w, https:\/\/www.salbis.es\/wp-content\/uploads\/2025\/03\/Catedratica-en-el-Grupo-de-Investigacion-SALBIS_2-2000x1126.jpg 2000w\" sizes=\"(max-width: 1024px) 100vw, 1024px\" \/><\/p>\n","protected":false},"excerpt":{"rendered":"<p>Pilar Marqu\u00e9s, member of the SALBIS Research Group will assume the Chair of University Professor on 3 March 2025. Marqu\u00e9s is the first nurse professor in Castilla y Le\u00f3n, and thanks all the people who have been part of this achievement: her family, friends, colleagues in the Department of Nursing and Physiotherapy and her advisors. [&hellip;]<\/p>\n","protected":false},"author":7,"featured_media":8470,"comment_status":"open","ping_status":"open","sticky":false,"template":"","format":"standard","meta":{"footnotes":""},"categories":[74],"tags":[],"class_list":["post-8474","post","type-post","status-publish","format-standard","has-post-thumbnail","hentry","category-achievements"],"aioseo_notices":[],"_links":{"self":[{"href":"https:\/\/www.salbis.es\/en\/wp-json\/wp\/v2\/posts\/8474","targetHints":{"allow":["GET"]}}],"collection":[{"href":"https:\/\/www.salbis.es\/en\/wp-json\/wp\/v2\/posts"}],"about":[{"href":"https:\/\/www.salbis.es\/en\/wp-json\/wp\/v2\/types\/post"}],"author":[{"embeddable":true,"href":"https:\/\/www.salbis.es\/en\/wp-json\/wp\/v2\/users\/7"}],"replies":[{"embeddable":true,"href":"https:\/\/www.salbis.es\/en\/wp-json\/wp\/v2\/comments?post=8474"}],"version-history":[{"count":1,"href":"https:\/\/www.salbis.es\/en\/wp-json\/wp\/v2\/posts\/8474\/revisions"}],"predecessor-version":[{"id":8475,"href":"https:\/\/www.salbis.es\/en\/wp-json\/wp\/v2\/posts\/8474\/revisions\/8475"}],"wp:featuredmedia":[{"embeddable":true,"href":"https:\/\/www.salbis.es\/en\/wp-json\/wp\/v2\/media\/8470"}],"wp:attachment":[{"href":"https:\/\/www.salbis.es\/en\/wp-json\/wp\/v2\/media?parent=8474"}],"wp:term":[{"taxonomy":"category","embeddable":true,"href":"https:\/\/www.salbis.es\/en\/wp-json\/wp\/v2\/categories?post=8474"},{"taxonomy":"post_tag","embeddable":true,"href":"https:\/\/www.salbis.es\/en\/wp-json\/wp\/v2\/tags?post=8474"}],"curies":[{"name":"wp","href":"https:\/\/api.w.org\/{rel}","templated":true}]}}