{"id":8178,"date":"2024-06-03T10:57:28","date_gmt":"2024-06-03T08:57:28","guid":{"rendered":"https:\/\/www.salbis.es\/?p=8178"},"modified":"2024-06-03T10:57:28","modified_gmt":"2024-06-03T08:57:28","slug":"training-rotation-of-nursing-resident-nurses-in-the-family-and-community-nursing-speciality-in-the-salbis-research-group","status":"publish","type":"post","link":"https:\/\/www.salbis.es\/en\/2024\/06\/03\/training-rotation-of-nursing-resident-nurses-in-the-family-and-community-nursing-speciality-in-the-salbis-research-group\/","title":{"rendered":"Training Rotation of Nursing Resident Nurses in the Family and Community Nursing Speciality in the SALBIS Research Group"},"content":{"rendered":"<p>During their first year of residency in the specialty of Family and Community Nursing, Alba Jonte Prieto, resident at the Condesa Health Center, Luc\u00eda Garc\u00eda Fern\u00e1ndez, resident at the Jos\u00e9 Aguado Health Center, and Ver\u00f3nica Magaz Orejas, resident at the Antonio Guti\u00e9rrez Health Center (Eras de Renueva), had the opportunity to do an external rotation at the University of Le\u00f3n, specifically in the SALBIS research group.<\/p>\n<p>Throughout this training stay they have been able to immerse themselves in the work and lines of research that are developed in this institution. Further more, they have actively participated in different educacional activities to learn about another field of nursing practice.<\/p>\n<p>They have also been able to gain knowledge that they will be able to apply in futureresearch projects and have been informed about the postgraduate training available to<br \/>\nthem, such as masters and doctorates.<\/p>\n<p>The residents are very satisfied with this rotation, which has allowed them to get to know the structure and functioning of the University from another perspective.<\/p>\n<p><img fetchpriority=\"high\" decoding=\"async\" class=\" wp-image-8176 aligncenter\" src=\"https:\/\/www.salbis.es\/wp-content\/uploads\/2024\/06\/ENFERMERAS-INTERNAS-RESIDENTES-DE-LA-ESPECIALIDAD-ENFERMERIA-FAMILIAR-Y-COMUNITARIA-EN-EL-GRUPO-DE-INVESTIGACION-SALBIS-2-225x300.jpg\" alt=\"ENFERMERAS INTERNAS RESIDENTES DE LA ESPECIALIDAD ENFERMER\u00cdA FAMILIAR Y COMUNITARIA EN EL GRUPO DE INVESTIGACI\u00d3N SALBIS\" width=\"253\" height=\"337\" srcset=\"https:\/\/www.salbis.es\/wp-content\/uploads\/2024\/06\/ENFERMERAS-INTERNAS-RESIDENTES-DE-LA-ESPECIALIDAD-ENFERMERIA-FAMILIAR-Y-COMUNITARIA-EN-EL-GRUPO-DE-INVESTIGACION-SALBIS-2-225x300.jpg 225w, https:\/\/www.salbis.es\/wp-content\/uploads\/2024\/06\/ENFERMERAS-INTERNAS-RESIDENTES-DE-LA-ESPECIALIDAD-ENFERMERIA-FAMILIAR-Y-COMUNITARIA-EN-EL-GRUPO-DE-INVESTIGACION-SALBIS-2-768x1024.jpg 768w, https:\/\/www.salbis.es\/wp-content\/uploads\/2024\/06\/ENFERMERAS-INTERNAS-RESIDENTES-DE-LA-ESPECIALIDAD-ENFERMERIA-FAMILIAR-Y-COMUNITARIA-EN-EL-GRUPO-DE-INVESTIGACION-SALBIS-2-1152x1536.jpg 1152w, https:\/\/www.salbis.es\/wp-content\/uploads\/2024\/06\/ENFERMERAS-INTERNAS-RESIDENTES-DE-LA-ESPECIALIDAD-ENFERMERIA-FAMILIAR-Y-COMUNITARIA-EN-EL-GRUPO-DE-INVESTIGACION-SALBIS-2-1536x2048.jpg 1536w, https:\/\/www.salbis.es\/wp-content\/uploads\/2024\/06\/ENFERMERAS-INTERNAS-RESIDENTES-DE-LA-ESPECIALIDAD-ENFERMERIA-FAMILIAR-Y-COMUNITARIA-EN-EL-GRUPO-DE-INVESTIGACION-SALBIS-2-1512x2016.jpg 1512w, https:\/\/www.salbis.es\/wp-content\/uploads\/2024\/06\/ENFERMERAS-INTERNAS-RESIDENTES-DE-LA-ESPECIALIDAD-ENFERMERIA-FAMILIAR-Y-COMUNITARIA-EN-EL-GRUPO-DE-INVESTIGACION-SALBIS-2-scaled.jpg 1920w\" sizes=\"(max-width: 253px) 100vw, 253px\" \/><\/p>\n","protected":false},"excerpt":{"rendered":"<p>During their first year of residency in the specialty of Family and Community Nursing, Alba Jonte Prieto, resident at the Condesa Health Center, Luc\u00eda Garc\u00eda Fern\u00e1ndez, resident at the Jos\u00e9 Aguado Health Center, and Ver\u00f3nica Magaz Orejas, resident at the Antonio Guti\u00e9rrez Health Center (Eras de Renueva), had the opportunity to do an external rotation [&hellip;]<\/p>\n","protected":false},"author":7,"featured_media":8174,"comment_status":"open","ping_status":"open","sticky":false,"template":"","format":"standard","meta":{"footnotes":""},"categories":[73],"tags":[],"class_list":["post-8178","post","type-post","status-publish","format-standard","has-post-thumbnail","hentry","category-research-stay"],"aioseo_notices":[],"_links":{"self":[{"href":"https:\/\/www.salbis.es\/en\/wp-json\/wp\/v2\/posts\/8178","targetHints":{"allow":["GET"]}}],"collection":[{"href":"https:\/\/www.salbis.es\/en\/wp-json\/wp\/v2\/posts"}],"about":[{"href":"https:\/\/www.salbis.es\/en\/wp-json\/wp\/v2\/types\/post"}],"author":[{"embeddable":true,"href":"https:\/\/www.salbis.es\/en\/wp-json\/wp\/v2\/users\/7"}],"replies":[{"embeddable":true,"href":"https:\/\/www.salbis.es\/en\/wp-json\/wp\/v2\/comments?post=8178"}],"version-history":[{"count":1,"href":"https:\/\/www.salbis.es\/en\/wp-json\/wp\/v2\/posts\/8178\/revisions"}],"predecessor-version":[{"id":8179,"href":"https:\/\/www.salbis.es\/en\/wp-json\/wp\/v2\/posts\/8178\/revisions\/8179"}],"wp:featuredmedia":[{"embeddable":true,"href":"https:\/\/www.salbis.es\/en\/wp-json\/wp\/v2\/media\/8174"}],"wp:attachment":[{"href":"https:\/\/www.salbis.es\/en\/wp-json\/wp\/v2\/media?parent=8178"}],"wp:term":[{"taxonomy":"category","embeddable":true,"href":"https:\/\/www.salbis.es\/en\/wp-json\/wp\/v2\/categories?post=8178"},{"taxonomy":"post_tag","embeddable":true,"href":"https:\/\/www.salbis.es\/en\/wp-json\/wp\/v2\/tags?post=8178"}],"curies":[{"name":"wp","href":"https:\/\/api.w.org\/{rel}","templated":true}]}}