{"id":8034,"date":"2024-02-12T09:34:17","date_gmt":"2024-02-12T08:34:17","guid":{"rendered":"https:\/\/www.salbis.es\/?p=8034"},"modified":"2024-02-12T09:34:17","modified_gmt":"2024-02-12T08:34:17","slug":"internationalisation-of-the-salbis-group-at-the-escola-superior-de-enfermagem-do-porto","status":"publish","type":"post","link":"https:\/\/www.salbis.es\/en\/2024\/02\/12\/internationalisation-of-the-salbis-group-at-the-escola-superior-de-enfermagem-do-porto\/","title":{"rendered":"Internationalisation of the SALBIS Group at the Escola Superior de Enfermagem do Porto"},"content":{"rendered":"<p>Professors Cristina Li\u00e9bana Presa, Bibiana Treviss\u00f3n Redondo, Enedina Quiroga S\u00e1nchez and Elena Fern\u00e1ndez Mart\u00ednez have carried out a teaching and research stay, thanks to the Erasmus+ programme, from 5 to 9 February 2024 at the Escola Superior de Enfermagem do Porto (ESEP), Portugal <a href=\"https:\/\/www.esenf.pt\/pt\/\">https:\/\/www.esenf.pt\/pt\/<\/a>. @EnfermagemPorto<br \/>\nThese days have developed working meetings with colleagues Carlos Sequeira CARLOS_SPESM and Alice Brito, with whom they have shared ideas and teaching and research projects. This meeting has strengthened the relationship initiated years ago to collaborate on joint projects in mental health and healthy lifestyles.<\/p>\n<p><img fetchpriority=\"high\" decoding=\"async\" class=\"wp-image-8032 aligncenter\" src=\"https:\/\/www.salbis.es\/wp-content\/uploads\/2024\/02\/IMG-20240208-WA0015-300x225.jpg\" alt=\"Grupo SALBIS en la Escola Superior de Enfermagem do Porto 2\" width=\"452\" height=\"339\" srcset=\"https:\/\/www.salbis.es\/wp-content\/uploads\/2024\/02\/IMG-20240208-WA0015-300x225.jpg 300w, https:\/\/www.salbis.es\/wp-content\/uploads\/2024\/02\/IMG-20240208-WA0015-1024x768.jpg 1024w, https:\/\/www.salbis.es\/wp-content\/uploads\/2024\/02\/IMG-20240208-WA0015-768x576.jpg 768w, https:\/\/www.salbis.es\/wp-content\/uploads\/2024\/02\/IMG-20240208-WA0015-1536x1152.jpg 1536w, https:\/\/www.salbis.es\/wp-content\/uploads\/2024\/02\/IMG-20240208-WA0015.jpg 2048w\" sizes=\"(max-width: 452px) 100vw, 452px\" \/><\/p>\n","protected":false},"excerpt":{"rendered":"<p>Professors Cristina Li\u00e9bana Presa, Bibiana Treviss\u00f3n Redondo, Enedina Quiroga S\u00e1nchez and Elena Fern\u00e1ndez Mart\u00ednez have carried out a teaching and research stay, thanks to the Erasmus+ programme, from 5 to 9 February 2024 at the Escola Superior de Enfermagem do Porto (ESEP), Portugal https:\/\/www.esenf.pt\/pt\/. @EnfermagemPorto These days have developed working meetings with colleagues Carlos Sequeira [&hellip;]<\/p>\n","protected":false},"author":7,"featured_media":8030,"comment_status":"open","ping_status":"open","sticky":false,"template":"","format":"standard","meta":{"footnotes":""},"categories":[73],"tags":[],"class_list":["post-8034","post","type-post","status-publish","format-standard","has-post-thumbnail","hentry","category-research-stay"],"aioseo_notices":[],"_links":{"self":[{"href":"https:\/\/www.salbis.es\/en\/wp-json\/wp\/v2\/posts\/8034","targetHints":{"allow":["GET"]}}],"collection":[{"href":"https:\/\/www.salbis.es\/en\/wp-json\/wp\/v2\/posts"}],"about":[{"href":"https:\/\/www.salbis.es\/en\/wp-json\/wp\/v2\/types\/post"}],"author":[{"embeddable":true,"href":"https:\/\/www.salbis.es\/en\/wp-json\/wp\/v2\/users\/7"}],"replies":[{"embeddable":true,"href":"https:\/\/www.salbis.es\/en\/wp-json\/wp\/v2\/comments?post=8034"}],"version-history":[{"count":1,"href":"https:\/\/www.salbis.es\/en\/wp-json\/wp\/v2\/posts\/8034\/revisions"}],"predecessor-version":[{"id":8035,"href":"https:\/\/www.salbis.es\/en\/wp-json\/wp\/v2\/posts\/8034\/revisions\/8035"}],"wp:featuredmedia":[{"embeddable":true,"href":"https:\/\/www.salbis.es\/en\/wp-json\/wp\/v2\/media\/8030"}],"wp:attachment":[{"href":"https:\/\/www.salbis.es\/en\/wp-json\/wp\/v2\/media?parent=8034"}],"wp:term":[{"taxonomy":"category","embeddable":true,"href":"https:\/\/www.salbis.es\/en\/wp-json\/wp\/v2\/categories?post=8034"},{"taxonomy":"post_tag","embeddable":true,"href":"https:\/\/www.salbis.es\/en\/wp-json\/wp\/v2\/tags?post=8034"}],"curies":[{"name":"wp","href":"https:\/\/api.w.org\/{rel}","templated":true}]}}