{"id":7951,"date":"2023-12-18T09:48:40","date_gmt":"2023-12-18T08:48:40","guid":{"rendered":"https:\/\/www.salbis.es\/?p=7951"},"modified":"2023-12-18T09:49:56","modified_gmt":"2023-12-18T08:49:56","slug":"engineering-applied-to-salutogenic-areas-in-urban-environments","status":"publish","type":"post","link":"https:\/\/www.salbis.es\/en\/2023\/12\/18\/engineering-applied-to-salutogenic-areas-in-urban-environments\/","title":{"rendered":"Engineering applied to salutogenic areas in urban environments"},"content":{"rendered":"<p>Pilar Marqu\u00e9s and Jose Alberto Ben\u00edtez from SALBIS Research Group, collaborate in a project of the ULEtech CIRCULAR Chair, jointly with Laura Est\u00e9vez Mauriz specialized in applied acoustics and Mar\u00eda Fern\u00e1ndez in agenda 2030.<\/p>\n<p><img fetchpriority=\"high\" decoding=\"async\" class=\" wp-image-7947 aligncenter\" src=\"https:\/\/www.salbis.es\/wp-content\/uploads\/2023\/12\/Catedra-Uletech-Circular-300x108.png\" alt=\"Catedra Uletech Circular\" width=\"389\" height=\"140\" srcset=\"https:\/\/www.salbis.es\/wp-content\/uploads\/2023\/12\/Catedra-Uletech-Circular-300x108.png 300w, https:\/\/www.salbis.es\/wp-content\/uploads\/2023\/12\/Catedra-Uletech-Circular-283x102.png 283w, https:\/\/www.salbis.es\/wp-content\/uploads\/2023\/12\/Catedra-Uletech-Circular.png 567w\" sizes=\"(max-width: 389px) 100vw, 389px\" \/><\/p>\n<p>This is a social innovation initiative, supported by the Ponferrada City Council, with the aim of generating public purchasing proposals through a pilot project in the T\u00e9rmica Cultural. The proposal applies AI (Artificial Intelligence) and IoT (Internet of Things) to salutogenic spaces in urban environments.<\/p>\n<p>Aspects of sound quality in the Green Fire Room, characterized by its outstanding beauty in terms of its unique botanical, are analyzed in relation to the well-being of the individual. This pilot project could develop a tourist experience with the associated employment opportunities.<\/p>\n<p style=\"text-align: left;\">Link: <a href=\"https:\/\/www.unileon.es\/noticias\/un-proyecto-de-la-catedra-uletech-circular-trabaja-para-fomentar-la-empleabilidad-en-el\">https:\/\/www.unileon.es\/noticias\/un-proyecto-de-la-catedra-uletech-circular-trabaja-para-fomentar-la-empleabilidad-en-el<\/a><\/p>\n","protected":false},"excerpt":{"rendered":"<p>Pilar Marqu\u00e9s and Jose Alberto Ben\u00edtez from SALBIS Research Group, collaborate in a project of the ULEtech CIRCULAR Chair, jointly with Laura Est\u00e9vez Mauriz specialized in applied acoustics and Mar\u00eda Fern\u00e1ndez in agenda 2030. This is a social innovation initiative, supported by the Ponferrada City Council, with the aim of generating public purchasing proposals through [&hellip;]<\/p>\n","protected":false},"author":7,"featured_media":7945,"comment_status":"open","ping_status":"open","sticky":false,"template":"","format":"standard","meta":{"footnotes":""},"categories":[2],"tags":[],"class_list":["post-7951","post","type-post","status-publish","format-standard","has-post-thumbnail","hentry","category-uncategorized"],"aioseo_notices":[],"_links":{"self":[{"href":"https:\/\/www.salbis.es\/en\/wp-json\/wp\/v2\/posts\/7951","targetHints":{"allow":["GET"]}}],"collection":[{"href":"https:\/\/www.salbis.es\/en\/wp-json\/wp\/v2\/posts"}],"about":[{"href":"https:\/\/www.salbis.es\/en\/wp-json\/wp\/v2\/types\/post"}],"author":[{"embeddable":true,"href":"https:\/\/www.salbis.es\/en\/wp-json\/wp\/v2\/users\/7"}],"replies":[{"embeddable":true,"href":"https:\/\/www.salbis.es\/en\/wp-json\/wp\/v2\/comments?post=7951"}],"version-history":[{"count":2,"href":"https:\/\/www.salbis.es\/en\/wp-json\/wp\/v2\/posts\/7951\/revisions"}],"predecessor-version":[{"id":7953,"href":"https:\/\/www.salbis.es\/en\/wp-json\/wp\/v2\/posts\/7951\/revisions\/7953"}],"wp:featuredmedia":[{"embeddable":true,"href":"https:\/\/www.salbis.es\/en\/wp-json\/wp\/v2\/media\/7945"}],"wp:attachment":[{"href":"https:\/\/www.salbis.es\/en\/wp-json\/wp\/v2\/media?parent=7951"}],"wp:term":[{"taxonomy":"category","embeddable":true,"href":"https:\/\/www.salbis.es\/en\/wp-json\/wp\/v2\/categories?post=7951"},{"taxonomy":"post_tag","embeddable":true,"href":"https:\/\/www.salbis.es\/en\/wp-json\/wp\/v2\/tags?post=7951"}],"curies":[{"name":"wp","href":"https:\/\/api.w.org\/{rel}","templated":true}]}}