{"id":7388,"date":"2021-11-24T08:47:52","date_gmt":"2021-11-24T07:47:52","guid":{"rendered":"https:\/\/www.salbis.es\/?p=7388"},"modified":"2021-11-24T08:47:52","modified_gmt":"2021-11-24T07:47:52","slug":"confinement-increased-stress-but-also-cannabis-use-an-article-in-the-conversation","status":"publish","type":"post","link":"https:\/\/www.salbis.es\/en\/2021\/11\/24\/confinement-increased-stress-but-also-cannabis-use-an-article-in-the-conversation\/","title":{"rendered":"&#8220;Confinement increased stress, but also cannabis use?&#8221;, an article in The Conversation."},"content":{"rendered":"<p style=\"font-weight: 400;\">Our colleagues Mar\u00eda Cristina Mart\u00ednez-Fern\u00e1ndez, Cristina Li\u00e9bana-Presa, Elena Fern\u00e1ndez-Mart\u00ednez and Jose Alb\u00e9rto Ben\u00edtez-Andrades have published an article entitled &#8220;Confinement increased stress, but also cannabis use?&#8221; in the platform The Conversation highlighting the consequences of home confinement due to COVID-19 on the stress of adolescents, and how, during this stage, the risk of cannabis use, and consumption increased among minors, despite the restrictive measures.<\/p>\n<p style=\"font-weight: 400;\">It can be read at the following link:<\/p>\n<p style=\"font-weight: 400;\"><a href=\"https:\/\/theconversation.com\/el-confinamiento-aumento-el-estres-pero-tambien-el-consumo-de-cannabis-170823\" data-saferedirecturl=\"https:\/\/www.google.com\/url?q=https:\/\/theconversation.com\/el-confinamiento-aumento-el-estres-pero-tambien-el-consumo-de-cannabis-170823&amp;source=gmail&amp;ust=1637787458662000&amp;usg=AOvVaw2ZY3GzaD4u0YIIgzbq1Rja\">https:\/\/theconversation.com\/el-confinamiento-aumento-el-estres-pero-tambien-el-consumo-de-cannabis-170823<\/a><\/p>\n","protected":false},"excerpt":{"rendered":"<p>Our colleagues Mar\u00eda Cristina Mart\u00ednez-Fern\u00e1ndez, Cristina Li\u00e9bana-Presa, Elena Fern\u00e1ndez-Mart\u00ednez and Jose Alb\u00e9rto Ben\u00edtez-Andrades have published an article entitled &#8220;Confinement increased stress, but also cannabis use?&#8221; in the platform The Conversation highlighting the consequences of home confinement due to COVID-19 on the stress of adolescents, and how, during this stage, the risk of cannabis use, and [&hellip;]<\/p>\n","protected":false},"author":1,"featured_media":7386,"comment_status":"open","ping_status":"open","sticky":false,"template":"","format":"standard","meta":{"footnotes":""},"categories":[2],"tags":[],"class_list":["post-7388","post","type-post","status-publish","format-standard","has-post-thumbnail","hentry","category-uncategorized"],"aioseo_notices":[],"_links":{"self":[{"href":"https:\/\/www.salbis.es\/en\/wp-json\/wp\/v2\/posts\/7388","targetHints":{"allow":["GET"]}}],"collection":[{"href":"https:\/\/www.salbis.es\/en\/wp-json\/wp\/v2\/posts"}],"about":[{"href":"https:\/\/www.salbis.es\/en\/wp-json\/wp\/v2\/types\/post"}],"author":[{"embeddable":true,"href":"https:\/\/www.salbis.es\/en\/wp-json\/wp\/v2\/users\/1"}],"replies":[{"embeddable":true,"href":"https:\/\/www.salbis.es\/en\/wp-json\/wp\/v2\/comments?post=7388"}],"version-history":[{"count":1,"href":"https:\/\/www.salbis.es\/en\/wp-json\/wp\/v2\/posts\/7388\/revisions"}],"predecessor-version":[{"id":7389,"href":"https:\/\/www.salbis.es\/en\/wp-json\/wp\/v2\/posts\/7388\/revisions\/7389"}],"wp:featuredmedia":[{"embeddable":true,"href":"https:\/\/www.salbis.es\/en\/wp-json\/wp\/v2\/media\/7386"}],"wp:attachment":[{"href":"https:\/\/www.salbis.es\/en\/wp-json\/wp\/v2\/media?parent=7388"}],"wp:term":[{"taxonomy":"category","embeddable":true,"href":"https:\/\/www.salbis.es\/en\/wp-json\/wp\/v2\/categories?post=7388"},{"taxonomy":"post_tag","embeddable":true,"href":"https:\/\/www.salbis.es\/en\/wp-json\/wp\/v2\/tags?post=7388"}],"curies":[{"name":"wp","href":"https:\/\/api.w.org\/{rel}","templated":true}]}}