{"id":7352,"date":"2021-11-02T09:02:49","date_gmt":"2021-11-02T08:02:49","guid":{"rendered":"https:\/\/www.salbis.es\/?p=7352"},"modified":"2021-10-31T20:10:24","modified_gmt":"2021-10-31T19:10:24","slug":"eureca-pro-review-week","status":"publish","type":"post","link":"https:\/\/www.salbis.es\/en\/2021\/11\/02\/eureca-pro-review-week\/","title":{"rendered":"EURECA-PRO Review Week"},"content":{"rendered":"<p>Our colleague Pilar Marqu\u00e9s-S\u00e1nchez has participated in the Eureca-Pro week together with other members of the University of Le\u00f3n. This project, led by the Vice-Rectorate for Internationalisation, has been considered an exciting challenge. In the context of health, we are also thinking about responsible consumption in order to make our health system more sustainable. In this sense, the SALBIS Group, with the word &#8220;sustainability&#8221; in its acronym, has always incorporated the optimisation of resources in its research.<\/p>\n<div class=\"video-container\">\n<blockquote class=\"wp-embedded-content\" data-secret=\"HNaESfVOv3\"><p><a href=\"https:\/\/www.eurecapro.eu\/eureca-pro-review-week\/\">EURECA-PRO Review Week<\/a><\/p><\/blockquote>\n<p><iframe class=\"wp-embedded-content\" sandbox=\"allow-scripts\" security=\"restricted\" style=\"position: absolute; clip: rect(1px, 1px, 1px, 1px);\" title=\"&#8220;EURECA-PRO Review Week&#8221; &#8212; EURECA-PRO\" src=\"https:\/\/www.eurecapro.eu\/eureca-pro-review-week\/embed\/#?secret=HNaESfVOv3\" data-secret=\"HNaESfVOv3\" width=\"600\" height=\"338\" frameborder=\"0\" marginwidth=\"0\" marginheight=\"0\" scrolling=\"no\"><\/iframe><\/div>\n","protected":false},"excerpt":{"rendered":"<p>Our colleague Pilar Marqu\u00e9s-S\u00e1nchez has participated in the Eureca-Pro week together with other members of the University of Le\u00f3n. This project, led by the Vice-Rectorate for Internationalisation, has been considered an exciting challenge. In the context of health, we are also thinking about responsible consumption in order to make our health system more sustainable. In [&hellip;]<\/p>\n","protected":false},"author":1,"featured_media":7350,"comment_status":"open","ping_status":"open","sticky":false,"template":"","format":"standard","meta":{"footnotes":""},"categories":[57],"tags":[],"class_list":["post-7352","post","type-post","status-publish","format-standard","has-post-thumbnail","hentry","category-events"],"aioseo_notices":[],"_links":{"self":[{"href":"https:\/\/www.salbis.es\/en\/wp-json\/wp\/v2\/posts\/7352","targetHints":{"allow":["GET"]}}],"collection":[{"href":"https:\/\/www.salbis.es\/en\/wp-json\/wp\/v2\/posts"}],"about":[{"href":"https:\/\/www.salbis.es\/en\/wp-json\/wp\/v2\/types\/post"}],"author":[{"embeddable":true,"href":"https:\/\/www.salbis.es\/en\/wp-json\/wp\/v2\/users\/1"}],"replies":[{"embeddable":true,"href":"https:\/\/www.salbis.es\/en\/wp-json\/wp\/v2\/comments?post=7352"}],"version-history":[{"count":1,"href":"https:\/\/www.salbis.es\/en\/wp-json\/wp\/v2\/posts\/7352\/revisions"}],"predecessor-version":[{"id":7353,"href":"https:\/\/www.salbis.es\/en\/wp-json\/wp\/v2\/posts\/7352\/revisions\/7353"}],"wp:featuredmedia":[{"embeddable":true,"href":"https:\/\/www.salbis.es\/en\/wp-json\/wp\/v2\/media\/7350"}],"wp:attachment":[{"href":"https:\/\/www.salbis.es\/en\/wp-json\/wp\/v2\/media?parent=7352"}],"wp:term":[{"taxonomy":"category","embeddable":true,"href":"https:\/\/www.salbis.es\/en\/wp-json\/wp\/v2\/categories?post=7352"},{"taxonomy":"post_tag","embeddable":true,"href":"https:\/\/www.salbis.es\/en\/wp-json\/wp\/v2\/tags?post=7352"}],"curies":[{"name":"wp","href":"https:\/\/api.w.org\/{rel}","templated":true}]}}