{"id":6761,"date":"2020-08-18T14:02:05","date_gmt":"2020-08-18T12:02:05","guid":{"rendered":"https:\/\/www.salbis.es\/?p=6761"},"modified":"2020-08-18T14:02:05","modified_gmt":"2020-08-18T12:02:05","slug":"analysis-of-pandemic-situation-data-by-covid19-by-jose-alberto-benitez-andrades","status":"publish","type":"post","link":"https:\/\/www.salbis.es\/en\/2020\/08\/18\/analysis-of-pandemic-situation-data-by-covid19-by-jose-alberto-benitez-andrades\/","title":{"rendered":"Analysis of pandemic situation data by COVID19 by Jos\u00e9 Alberto Ben\u00edtez Andrades"},"content":{"rendered":"<p>We are currently living with the SARS-CoV-2 virus which causes the well-known COVID19 disease. It is <strong>completely undeniable<\/strong> that this virus is still with us and that we must maintain the necessary hygiene measures to prevent the spread of the virus from causing a health emergency situation, such as the one we are already experiencing during the months of March and April.<\/p>\n<p>However, some media seem to talk about data, without putting it into context, treating the figures in absolute values and even going so far as to compare the current infection figures with those we had during the months of March and April. This is a mistake, since many factors have changed since then: PCRs are not performed with the same criteria, we have more information about the virus and it is more interesting to analyze hospitalizations, ICUs and the duration of them to really assess whether we are approaching a health collapse, or not.<\/p>\n<p>From SALBIS research group, our partner <a title=\"Jos\u00e9 Alberto Ben\u00edtez Andrades\" href=\"https:\/\/www.salbis.es\/en\/team\/jose-alberto-benitez-andrades\/\" target=\"_blank\" rel=\"noopener noreferrer\">Jos\u00e9 Alberto Ben\u00edtez Andrades<\/a> is providing <a href=\"https:\/\/www.salbis.es\/2020\/03\/29\/analisis-del-covid19-en-espana-a-29-de-marzo-de-2020-por-jose-alberto-benitez-andrades\/\" target=\"_blank\" rel=\"noopener noreferrer\">different analysis since the beginning of the pandemic<\/a>. In the last few days there has been a demonstration of denialists (of which we are totally against), but there have also been some statements from a doctor working at the El Escorial Hospital that seem to have caused some controversy among the population. For all these reasons, Jos\u00e9 Alberto has left us a recent analysis of the figures of hospitalised people, putting them in the best possible context and being neutral in his judgements. It is available in this video (<a href=\"https:\/\/www.youtube.com\/watch?v=Cly0Wbo8y8o\" target=\"_blank\" rel=\"noopener noreferrer\">https:\/\/www.youtube.com\/watch?v=Cly0Wbo8y8o<\/a>)<\/p>\n<p>&nbsp;<\/p>\n<div class=\"video-container\"><iframe title=\"An\u00e1lisis de la situaci\u00f3n por COVID19 en Espa\u00f1a a 18 de agosto de 2020 \u00bfQu\u00e9 nos dicen las cifras?\" width=\"1060\" height=\"596\" src=\"https:\/\/www.youtube.com\/embed\/Cly0Wbo8y8o?feature=oembed\" frameborder=\"0\" allow=\"accelerometer; autoplay; clipboard-write; encrypted-media; gyroscope; picture-in-picture\" allowfullscreen><\/iframe><\/div>\n<p>&nbsp;<\/p>\n<p><strong>Interesting sources of information used in the video:<\/strong><\/p>\n<ul>\n<li>Data:<br \/>\n<a href=\"https:\/\/twitter.com\/numeroteca\/status\/1295504379274055681\" target=\"_blank\" rel=\"noopener noreferrer\">https:\/\/twitter.com\/numeroteca\/status\/1295504379274055681<\/a><br \/>\n<a href=\"https:\/\/lab.montera34.com\/covid19\/provincias.html#hospProvincias\" target=\"_blank\" rel=\"noopener noreferrer\">https:\/\/lab.montera34.com\/covid19\/provincias.html#hospProvincias<\/a><br \/>\n<a href=\"https:\/\/www.facebook.com\/jabenitez88\/posts\/10223562810527031\" target=\"_blank\" rel=\"noopener noreferrer\">https:\/\/www.facebook.com\/jabenitez88\/posts\/10223562810527031<\/a><\/li>\n<li>Text shared in social networks by Jos\u00e9 Alberto: <a href=\"https:\/\/www.facebook.com\/jabenitez88\/posts\/10223542445337914\" target=\"_blank\" rel=\"noopener noreferrer\">https:\/\/www.facebook.com\/jabenitez88\/posts\/10223542445337914<\/a><\/li>\n<li>News about the coronavirus in El Pa\u00eds: <a href=\"https:\/\/elpais.com\/sociedad\/2020-08-14\/la-letalidad-del-coronavirus-baja-un-96-durante-la-nueva-normalidad.html\" target=\"_blank\" rel=\"noopener noreferrer\">https:\/\/elpais.com\/sociedad\/2020-08-14\/la-letalidad-del-coronavirus-baja-un-96-durante-la-nueva-normalidad.html<\/a><\/li>\n<li>Videos of Dr. Luis de Benito: <a href=\"https:\/\/www.youtube.com\/watch?v=L0i7yvGGbLw\" target=\"_blank\" rel=\"noopener noreferrer\">https:\/\/www.youtube.com\/watch?v=L0i7yvGGbLw<\/a> y <a href=\"https:\/\/www.youtube.com\/watch?v=g9mgFFvqz2Q\" target=\"_blank\" rel=\"noopener noreferrer\">https:\/\/www.youtube.com\/watch?v=g9mgFFvqz2Q<\/a><\/li>\n<li>Video with previous information of the intervention in the radio of Jose Alberto: <a href=\"https:\/\/youtu.be\/aUrZeT8iePo\" target=\"_blank\" rel=\"noopener noreferrer\">https:\/\/youtu.be\/aUrZeT8iePo<\/a><\/li>\n<\/ul>\n","protected":false},"excerpt":{"rendered":"<p>We are currently living with the SARS-CoV-2 virus which causes the well-known COVID19 disease. It is completely undeniable that this virus is still with us and that we must maintain the necessary hygiene measures to prevent the spread of the virus from causing a health emergency situation, such as the one we are already experiencing [&hellip;]<\/p>\n","protected":false},"author":1,"featured_media":6758,"comment_status":"open","ping_status":"open","sticky":false,"template":"","format":"standard","meta":{"footnotes":""},"categories":[58],"tags":[],"class_list":["post-6761","post","type-post","status-publish","format-standard","has-post-thumbnail","hentry","category-research"],"aioseo_notices":[],"_links":{"self":[{"href":"https:\/\/www.salbis.es\/en\/wp-json\/wp\/v2\/posts\/6761","targetHints":{"allow":["GET"]}}],"collection":[{"href":"https:\/\/www.salbis.es\/en\/wp-json\/wp\/v2\/posts"}],"about":[{"href":"https:\/\/www.salbis.es\/en\/wp-json\/wp\/v2\/types\/post"}],"author":[{"embeddable":true,"href":"https:\/\/www.salbis.es\/en\/wp-json\/wp\/v2\/users\/1"}],"replies":[{"embeddable":true,"href":"https:\/\/www.salbis.es\/en\/wp-json\/wp\/v2\/comments?post=6761"}],"version-history":[{"count":2,"href":"https:\/\/www.salbis.es\/en\/wp-json\/wp\/v2\/posts\/6761\/revisions"}],"predecessor-version":[{"id":6763,"href":"https:\/\/www.salbis.es\/en\/wp-json\/wp\/v2\/posts\/6761\/revisions\/6763"}],"wp:featuredmedia":[{"embeddable":true,"href":"https:\/\/www.salbis.es\/en\/wp-json\/wp\/v2\/media\/6758"}],"wp:attachment":[{"href":"https:\/\/www.salbis.es\/en\/wp-json\/wp\/v2\/media?parent=6761"}],"wp:term":[{"taxonomy":"category","embeddable":true,"href":"https:\/\/www.salbis.es\/en\/wp-json\/wp\/v2\/categories?post=6761"},{"taxonomy":"post_tag","embeddable":true,"href":"https:\/\/www.salbis.es\/en\/wp-json\/wp\/v2\/tags?post=6761"}],"curies":[{"name":"wp","href":"https:\/\/api.w.org\/{rel}","templated":true}]}}