{"id":6336,"date":"2019-12-02T08:44:26","date_gmt":"2019-12-02T07:44:26","guid":{"rendered":"https:\/\/www.salbis.es\/?p=6336"},"modified":"2019-12-02T08:44:26","modified_gmt":"2019-12-02T07:44:26","slug":"award-for-best-doctoral-thesis-of-nursing-granted-by-nursing-in-development-and-fuden","status":"publish","type":"post","link":"https:\/\/www.salbis.es\/en\/2019\/12\/02\/award-for-best-doctoral-thesis-of-nursing-granted-by-nursing-in-development-and-fuden\/","title":{"rendered":"Award for best Doctoral Thesis of Nursing granted by Nursing in Development and FUDEN"},"content":{"rendered":"<pre><i><span lang=\"EN\">Nursing management becomes visible to society and political and health managers\r\n<\/span><\/i><\/pre>\n<p style=\"font-weight: 400;\">Dr. Alberto Gonz\u00e1lez has been awarded for his doctoral thesis entitled \u201cCompetence Model for the Nursing Manager\u201d. This recognition took place at the Nursing in Development Awards Gala, of the FUDEN Foundation, on November 28 at the Capitol Cinema in Madrid.<\/p>\n<p style=\"font-weight: 400;\">Gonz\u00e1lez is a assistan academic in the Department of Nursing and Physiotherapy of the University of Le\u00f3n on the Campus of Ponferrada and Vegazana.<\/p>\n<div class=\"video-container\"><iframe title=\"Alberto Gonz\u00e1lez, premio Tesis Doctoral de los Premios ED\" width=\"1060\" height=\"596\" src=\"https:\/\/www.youtube.com\/embed\/I6G12ZxCKq8?feature=oembed\" frameborder=\"0\" allow=\"accelerometer; autoplay; clipboard-write; encrypted-media; gyroscope; picture-in-picture\" allowfullscreen><\/iframe><\/div>\n<p style=\"font-weight: 400;\">His interest in this subject of competencies and nursing management began during the Master&#8217;s Degree in Research in Social and Health Sciences of the University of Le\u00f3n, and subsequently, he motivated to develop a doctoral thesis that was the germ to add value to the professionalization of nursing management.<\/p>\n<p style=\"font-weight: 400;\">The thesis was co-directed by Dr. Pilar Marqu\u00e9s and Dr. Arrate Pinto Carral, both from the SALBIS Research Group (University of Le\u00f3n), and Dr. Jes\u00fas Sanz, president of the National Association of Nursing Managers (ANDE) and Professor at the European University of Madrid.<br \/>\n<i><\/i><i><\/i><\/p>\n\n\t\t<style type=\"text\/css\">\n\t\t\t#gallery-1 {\n\t\t\t\tmargin: auto;\n\t\t\t}\n\t\t\t#gallery-1 .gallery-item {\n\t\t\t\tfloat: left;\n\t\t\t\tmargin-top: 10px;\n\t\t\t\ttext-align: center;\n\t\t\t\twidth: 33%;\n\t\t\t}\n\t\t\t#gallery-1 img {\n\t\t\t\tborder: 2px solid #cfcfcf;\n\t\t\t}\n\t\t\t#gallery-1 .gallery-caption {\n\t\t\t\tmargin-left: 0;\n\t\t\t}\n\t\t\t\/* see gallery_shortcode() in wp-includes\/media.php *\/\n\t\t<\/style>\n\t\t<div id='gallery-1' class='gallery galleryid-6336 gallery-columns-3 gallery-size-large'><dl class='gallery-item'>\n\t\t\t<dt class='gallery-icon landscape'>\n\t\t\t\t<img fetchpriority=\"high\" decoding=\"async\" width=\"1024\" height=\"768\" src=\"https:\/\/www.salbis.es\/wp-content\/uploads\/2019\/12\/Jesus-Sanz-Alberto-Gonz\u00e1lez-Pilar-Marqu\u00e9s-1024x768.jpg\" class=\"attachment-large size-large\" alt=\"\" srcset=\"https:\/\/www.salbis.es\/wp-content\/uploads\/2019\/12\/Jesus-Sanz-Alberto-Gonz\u00e1lez-Pilar-Marqu\u00e9s-1024x768.jpg 1024w, https:\/\/www.salbis.es\/wp-content\/uploads\/2019\/12\/Jesus-Sanz-Alberto-Gonz\u00e1lez-Pilar-Marqu\u00e9s-300x225.jpg 300w, https:\/\/www.salbis.es\/wp-content\/uploads\/2019\/12\/Jesus-Sanz-Alberto-Gonz\u00e1lez-Pilar-Marqu\u00e9s-768x576.jpg 768w, https:\/\/www.salbis.es\/wp-content\/uploads\/2019\/12\/Jesus-Sanz-Alberto-Gonz\u00e1lez-Pilar-Marqu\u00e9s-1536x1152.jpg 1536w, https:\/\/www.salbis.es\/wp-content\/uploads\/2019\/12\/Jesus-Sanz-Alberto-Gonz\u00e1lez-Pilar-Marqu\u00e9s.jpg 2048w\" sizes=\"(max-width: 1024px) 100vw, 1024px\" \/>\n\t\t\t<\/dt><\/dl><dl class='gallery-item'>\n\t\t\t<dt class='gallery-icon landscape'>\n\t\t\t\t<img decoding=\"async\" width=\"1024\" height=\"768\" src=\"https:\/\/www.salbis.es\/wp-content\/uploads\/2019\/12\/SALBIS_ANDE-1024x768.jpg\" class=\"attachment-large size-large\" alt=\"\" srcset=\"https:\/\/www.salbis.es\/wp-content\/uploads\/2019\/12\/SALBIS_ANDE-1024x768.jpg 1024w, https:\/\/www.salbis.es\/wp-content\/uploads\/2019\/12\/SALBIS_ANDE-300x225.jpg 300w, https:\/\/www.salbis.es\/wp-content\/uploads\/2019\/12\/SALBIS_ANDE-768x576.jpg 768w, https:\/\/www.salbis.es\/wp-content\/uploads\/2019\/12\/SALBIS_ANDE-1536x1152.jpg 1536w, https:\/\/www.salbis.es\/wp-content\/uploads\/2019\/12\/SALBIS_ANDE.jpg 2048w\" sizes=\"(max-width: 1024px) 100vw, 1024px\" \/>\n\t\t\t<\/dt><\/dl><dl class='gallery-item'>\n\t\t\t<dt class='gallery-icon landscape'>\n\t\t\t\t<img decoding=\"async\" width=\"1024\" height=\"768\" src=\"https:\/\/www.salbis.es\/wp-content\/uploads\/2019\/12\/Marqu\u00e9s_Gonz\u00e1lez_Sanz-1-1024x768.jpg\" class=\"attachment-large size-large\" alt=\"\" srcset=\"https:\/\/www.salbis.es\/wp-content\/uploads\/2019\/12\/Marqu\u00e9s_Gonz\u00e1lez_Sanz-1-1024x768.jpg 1024w, https:\/\/www.salbis.es\/wp-content\/uploads\/2019\/12\/Marqu\u00e9s_Gonz\u00e1lez_Sanz-1-300x225.jpg 300w, https:\/\/www.salbis.es\/wp-content\/uploads\/2019\/12\/Marqu\u00e9s_Gonz\u00e1lez_Sanz-1-768x576.jpg 768w, https:\/\/www.salbis.es\/wp-content\/uploads\/2019\/12\/Marqu\u00e9s_Gonz\u00e1lez_Sanz-1-1536x1152.jpg 1536w, https:\/\/www.salbis.es\/wp-content\/uploads\/2019\/12\/Marqu\u00e9s_Gonz\u00e1lez_Sanz-1.jpg 2048w\" sizes=\"(max-width: 1024px) 100vw, 1024px\" \/>\n\t\t\t<\/dt><\/dl><br style=\"clear: both\" \/><dl class='gallery-item'>\n\t\t\t<dt class='gallery-icon landscape'>\n\t\t\t\t<img loading=\"lazy\" decoding=\"async\" width=\"1024\" height=\"576\" src=\"https:\/\/www.salbis.es\/wp-content\/uploads\/2019\/12\/Alberto-Gonz\u00e1lez-1024x576.jpg\" class=\"attachment-large size-large\" alt=\"\" srcset=\"https:\/\/www.salbis.es\/wp-content\/uploads\/2019\/12\/Alberto-Gonz\u00e1lez-1024x576.jpg 1024w, https:\/\/www.salbis.es\/wp-content\/uploads\/2019\/12\/Alberto-Gonz\u00e1lez-300x169.jpg 300w, https:\/\/www.salbis.es\/wp-content\/uploads\/2019\/12\/Alberto-Gonz\u00e1lez-768x432.jpg 768w, https:\/\/www.salbis.es\/wp-content\/uploads\/2019\/12\/Alberto-Gonz\u00e1lez-640x360.jpg 640w, https:\/\/www.salbis.es\/wp-content\/uploads\/2019\/12\/Alberto-Gonz\u00e1lez.jpg 1280w\" sizes=\"(max-width: 1024px) 100vw, 1024px\" \/>\n\t\t\t<\/dt><\/dl>\n\t\t\t<br style='clear: both' \/>\n\t\t<\/div>\n\n","protected":false},"excerpt":{"rendered":"<p>Nursing management becomes visible to society and political and health managers Dr. Alberto Gonz\u00e1lez has been awarded for his doctoral thesis entitled \u201cCompetence Model for the Nursing Manager\u201d. This recognition took place at the Nursing in Development Awards Gala, of the FUDEN Foundation, on November 28 at the Capitol Cinema in Madrid. Gonz\u00e1lez is a [&hellip;]<\/p>\n","protected":false},"author":1,"featured_media":6328,"comment_status":"open","ping_status":"open","sticky":false,"template":"","format":"standard","meta":{"footnotes":""},"categories":[74,59,58],"tags":[],"class_list":["post-6336","post","type-post","status-publish","format-standard","has-post-thumbnail","hentry","category-achievements","category-doctoral-thesis","category-research"],"aioseo_notices":[],"_links":{"self":[{"href":"https:\/\/www.salbis.es\/en\/wp-json\/wp\/v2\/posts\/6336","targetHints":{"allow":["GET"]}}],"collection":[{"href":"https:\/\/www.salbis.es\/en\/wp-json\/wp\/v2\/posts"}],"about":[{"href":"https:\/\/www.salbis.es\/en\/wp-json\/wp\/v2\/types\/post"}],"author":[{"embeddable":true,"href":"https:\/\/www.salbis.es\/en\/wp-json\/wp\/v2\/users\/1"}],"replies":[{"embeddable":true,"href":"https:\/\/www.salbis.es\/en\/wp-json\/wp\/v2\/comments?post=6336"}],"version-history":[{"count":1,"href":"https:\/\/www.salbis.es\/en\/wp-json\/wp\/v2\/posts\/6336\/revisions"}],"predecessor-version":[{"id":6337,"href":"https:\/\/www.salbis.es\/en\/wp-json\/wp\/v2\/posts\/6336\/revisions\/6337"}],"wp:featuredmedia":[{"embeddable":true,"href":"https:\/\/www.salbis.es\/en\/wp-json\/wp\/v2\/media\/6328"}],"wp:attachment":[{"href":"https:\/\/www.salbis.es\/en\/wp-json\/wp\/v2\/media?parent=6336"}],"wp:term":[{"taxonomy":"category","embeddable":true,"href":"https:\/\/www.salbis.es\/en\/wp-json\/wp\/v2\/categories?post=6336"},{"taxonomy":"post_tag","embeddable":true,"href":"https:\/\/www.salbis.es\/en\/wp-json\/wp\/v2\/tags?post=6336"}],"curies":[{"name":"wp","href":"https:\/\/api.w.org\/{rel}","templated":true}]}}