{"id":5930,"date":"2019-04-29T09:02:52","date_gmt":"2019-04-29T07:02:52","guid":{"rendered":"https:\/\/www.salbis.es\/?p=5930"},"modified":"2019-04-29T10:10:24","modified_gmt":"2019-04-29T08:10:24","slug":"educational-innovation-award-2019","status":"publish","type":"post","link":"https:\/\/www.salbis.es\/en\/2019\/04\/29\/educational-innovation-award-2019\/","title":{"rendered":"Educational Innovation Award 2019"},"content":{"rendered":"<p style=\"font-weight: 400;\"><span style=\"text-decoration: underline;\"><strong>Title:<\/strong><\/span>\u00a0Interdisciplinary learning through cooperative work in the field of new information and communication technologies and health sciences<\/p>\n<p style=\"font-weight: 400;\"><span style=\"text-decoration: underline;\"><strong>Main Researcher:<\/strong><\/span> <a href=\"https:\/\/www.researchgate.net\/profile\/Isaias_Garcia3?_iepl%5BgeneralViewId%5D=mRr7h5x1dlBKocWia1L2YwLUCxW6AdwZgbw0&amp;_iepl%5Bcontexts%5D%5B0%5D=searchReact&amp;_iepl%5BviewId%5D=kdkrDkXKIY9YdCdV11btGtL3gdC6JsqoD4NO&amp;_iepl%5BsearchType%5D=researcher&amp;_iepl%5Bdata%5D%5BcountMoreThan20%5D=1&amp;_iepl%5Bdata%5D%5BinteractedWithPosition1%5D=1&amp;_iepl%5Bdata%5D%5BwithEnrichment%5D=1&amp;_iepl%5Bposition%5D=1&amp;_iepl%5BrgKey%5D=AC%3A3519631&amp;_iepl%5BinteractionType%5D=profileView\" target=\"_blank\" rel=\"noopener noreferrer\">Prof. Isa\u00edas Garc\u00eda Rodriguez<\/a> (SECOMUCI Research Group, University of Le\u00f3n)<\/p>\n<p style=\"font-weight: 400;\"><strong><span style=\"text-decoration: underline;\">Participants of SALBIS research group:<\/span><\/strong>: <a href=\"https:\/\/www.salbis.es\/en\/team\/carmen-benavides-cuellar\/\" target=\"_blank\" rel=\"noopener noreferrer\">Prof. Carmen Benavides<\/a>, <a href=\"https:\/\/www.salbis.es\/en\/team\/jose-alberto-benitez-andrades\/\" target=\"_blank\" rel=\"noopener noreferrer\">PhD. Jose Alberto Ben\u00edtez<\/a>, <a href=\"https:\/\/www.salbis.es\/en\/team\/pilar-marques-sanchez\/\" target=\"_blank\" rel=\"noopener noreferrer\">Prof. Pilar Marqu\u00e9s-S\u00e1nchez<\/a> y <a href=\"https:\/\/www.salbis.es\/en\/team\/ma-mercedes-reguera-garcia\/\" target=\"_blank\" rel=\"noopener noreferrer\">PhD. Mercedes Reguera<\/a>.<\/p>\n<p style=\"font-weight: 400;\"><strong><span style=\"text-decoration: underline;\">Colaborador del Grupo de investigaci\u00f3n SECOMUCI<\/span><\/strong>: <a href=\"https:\/\/www.researchgate.net\/profile\/Hector_Alaiz_Moreton\" target=\"_blank\" rel=\"noopener noreferrer\">Prof. H\u00e9ctor Al\u00e1iz<\/a><\/p>\n<p style=\"font-weight: 400;\"><span style=\"text-decoration: underline;\"><strong>Participant lecturers:<\/strong><\/span> <a href=\"https:\/\/www.salbis.es\/en\/team\/cristina-liebana-presa\/\" target=\"_blank\" rel=\"noopener noreferrer\">Prof. Cristina Li\u00e9bana Presa<\/a> y <a href=\"https:\/\/www.salbis.es\/en\/team\/maria-elena-fernandez-martinez\/\" target=\"_blank\" rel=\"noopener noreferrer\">Prof. Elena Fern\u00e1ndez Mart\u00ednez<\/a><\/p>\n<p>The SECOMUCI and SALBIS research groups have pooled their talents to promote interdisciplinarity among future Engineering and Nursing professionals. Networking has been a success recognized by the <a href=\"https:\/\/www.unileon.es\/universidad\/organos-colegiados\/consejo-social\/premio-a-la-innovacion-en-la-ensenanza\" target=\"_blank\" rel=\"noopener noreferrer\">Social Council granting the proposal with the Educational Innovation Award<\/a>.<\/p>\n<p>In the media:<\/p>\n<p><a href=\"https:\/\/www.diariodeleon.es\/noticias\/leon\/rector-acusa-junta-ser-menos-financia-sus-universidades_1331086.html\" target=\"_blank\" rel=\"noopener noreferrer\">https:\/\/www.diariodeleon.es\/noticias\/leon\/rector-acusa-junta-ser-menos-financia-sus-universidades_1331086.html<\/a><\/p>\n<p><a href=\"https:\/\/www.unileon.es\/noticias\/garcia-marin-ha-defendido-el-papel-de-la-ule-como-motor-para-el-desarrollo-de-leon\" target=\"_blank\" rel=\"noopener noreferrer\">https:\/\/www.unileon.es\/noticias\/garcia-marin-ha-defendido-el-papel-de-la-ule-como-motor-para-el-desarrollo-de-leon<\/a><\/p>\n<p>&nbsp;<\/p>\n","protected":false},"excerpt":{"rendered":"<p>Title:\u00a0Interdisciplinary learning through cooperative work in the field of new information and communication technologies and health sciences Main Researcher: Prof. Isa\u00edas Garc\u00eda Rodriguez (SECOMUCI Research Group, University of Le\u00f3n) Participants of SALBIS research group:: Prof. Carmen Benavides, PhD. Jose Alberto Ben\u00edtez, Prof. Pilar Marqu\u00e9s-S\u00e1nchez y PhD. Mercedes Reguera. Colaborador del Grupo de investigaci\u00f3n SECOMUCI: Prof. [&hellip;]<\/p>\n","protected":false},"author":1,"featured_media":5928,"comment_status":"open","ping_status":"open","sticky":false,"template":"","format":"standard","meta":{"footnotes":""},"categories":[74,68],"tags":[],"class_list":["post-5930","post","type-post","status-publish","format-standard","has-post-thumbnail","hentry","category-achievements","category-paid-en"],"aioseo_notices":[],"_links":{"self":[{"href":"https:\/\/www.salbis.es\/en\/wp-json\/wp\/v2\/posts\/5930","targetHints":{"allow":["GET"]}}],"collection":[{"href":"https:\/\/www.salbis.es\/en\/wp-json\/wp\/v2\/posts"}],"about":[{"href":"https:\/\/www.salbis.es\/en\/wp-json\/wp\/v2\/types\/post"}],"author":[{"embeddable":true,"href":"https:\/\/www.salbis.es\/en\/wp-json\/wp\/v2\/users\/1"}],"replies":[{"embeddable":true,"href":"https:\/\/www.salbis.es\/en\/wp-json\/wp\/v2\/comments?post=5930"}],"version-history":[{"count":3,"href":"https:\/\/www.salbis.es\/en\/wp-json\/wp\/v2\/posts\/5930\/revisions"}],"predecessor-version":[{"id":5936,"href":"https:\/\/www.salbis.es\/en\/wp-json\/wp\/v2\/posts\/5930\/revisions\/5936"}],"wp:featuredmedia":[{"embeddable":true,"href":"https:\/\/www.salbis.es\/en\/wp-json\/wp\/v2\/media\/5928"}],"wp:attachment":[{"href":"https:\/\/www.salbis.es\/en\/wp-json\/wp\/v2\/media?parent=5930"}],"wp:term":[{"taxonomy":"category","embeddable":true,"href":"https:\/\/www.salbis.es\/en\/wp-json\/wp\/v2\/categories?post=5930"},{"taxonomy":"post_tag","embeddable":true,"href":"https:\/\/www.salbis.es\/en\/wp-json\/wp\/v2\/tags?post=5930"}],"curies":[{"name":"wp","href":"https:\/\/api.w.org\/{rel}","templated":true}]}}