{"id":5790,"date":"2019-02-26T13:47:05","date_gmt":"2019-02-26T12:47:05","guid":{"rendered":"https:\/\/www.salbis.es\/?p=5790"},"modified":"2019-02-26T13:47:05","modified_gmt":"2019-02-26T12:47:05","slug":"elena-andina-gives-the-seminar-methodologies-based-on-the-social-networks-analysis-and-qualitative-methodologies-in-nursing-exploring-possibilities-at-the-campus-of-esteiro-ferrol","status":"publish","type":"post","link":"https:\/\/www.salbis.es\/en\/2019\/02\/26\/elena-andina-gives-the-seminar-methodologies-based-on-the-social-networks-analysis-and-qualitative-methodologies-in-nursing-exploring-possibilities-at-the-campus-of-esteiro-ferrol\/","title":{"rendered":"Elena Andina gives the seminar &#8220;Methodologies based on the Social Networks Analysis and Qualitative Methodologies in Nursing, exploring possibilities&#8221; at the Campus of Esteiro (Ferrol)"},"content":{"rendered":"<p>On February 13, 2019 our colleague Elena Andina D\u00edaz gave the seminar &#8220;Methodologies based on the Analysis of Social Networks and Qualitative methodologies in Nursing, exploring possibilities&#8221;, in the Faculty of Nursing and Podiatry (<a href=\"https:\/\/www.udc.es\/es\/centros_departamentos_servizos\/centros\/centro\/?codigo=750\">https:\/\/www.udc.es\/es\/centros_departamentos_servizos\/centros\/centro\/?codigo=750<\/a>) of the Esteiro Campus (Ferrol)\u00a0 (<a href=\"http:\/\/campusindustrial.udc.gal\/?lang=es\">http:\/\/campusindustrial.udc.gal\/?lang=es<\/a>) (<a href=\"https:\/\/twitter.com\/CIFerrol\"><strong>@<\/strong>CIFerrol<\/a>) of the University of La Coru\u00f1a (<a href=\"https:\/\/twitter.com\/UDC_gal\"><strong>@<\/strong>UDC_gal<\/a>).<\/p>\n<p>An interesting meeting in which we were able to share ideas with the Director of the Department of Health Sciences, M\u00aa Jes\u00fas Movilla Fern\u00e1ndez, the Dean of the Faculty, Emma Rodr\u00edguez Maseda, and their respective teams.My thanks to all of them for the warmth reception.<\/p>\n<p>&nbsp;<\/p>\n<p>&nbsp;<\/p>\n","protected":false},"excerpt":{"rendered":"<p>On February 13, 2019 our colleague Elena Andina D\u00edaz gave the seminar &#8220;Methodologies based on the Analysis of Social Networks and Qualitative methodologies in Nursing, exploring possibilities&#8221;, in the Faculty of Nursing and Podiatry (https:\/\/www.udc.es\/es\/centros_departamentos_servizos\/centros\/centro\/?codigo=750) of the Esteiro Campus (Ferrol)\u00a0 (http:\/\/campusindustrial.udc.gal\/?lang=es) (@CIFerrol) of the University of La Coru\u00f1a (@UDC_gal). An interesting meeting in which we [&hellip;]<\/p>\n","protected":false},"author":1,"featured_media":5788,"comment_status":"open","ping_status":"open","sticky":false,"template":"","format":"standard","meta":{"footnotes":""},"categories":[56,57,54],"tags":[],"class_list":["post-5790","post","type-post","status-publish","format-standard","has-post-thumbnail","hentry","category-courses","category-events","category-social-network-analysis"],"aioseo_notices":[],"_links":{"self":[{"href":"https:\/\/www.salbis.es\/en\/wp-json\/wp\/v2\/posts\/5790","targetHints":{"allow":["GET"]}}],"collection":[{"href":"https:\/\/www.salbis.es\/en\/wp-json\/wp\/v2\/posts"}],"about":[{"href":"https:\/\/www.salbis.es\/en\/wp-json\/wp\/v2\/types\/post"}],"author":[{"embeddable":true,"href":"https:\/\/www.salbis.es\/en\/wp-json\/wp\/v2\/users\/1"}],"replies":[{"embeddable":true,"href":"https:\/\/www.salbis.es\/en\/wp-json\/wp\/v2\/comments?post=5790"}],"version-history":[{"count":2,"href":"https:\/\/www.salbis.es\/en\/wp-json\/wp\/v2\/posts\/5790\/revisions"}],"predecessor-version":[{"id":5792,"href":"https:\/\/www.salbis.es\/en\/wp-json\/wp\/v2\/posts\/5790\/revisions\/5792"}],"wp:featuredmedia":[{"embeddable":true,"href":"https:\/\/www.salbis.es\/en\/wp-json\/wp\/v2\/media\/5788"}],"wp:attachment":[{"href":"https:\/\/www.salbis.es\/en\/wp-json\/wp\/v2\/media?parent=5790"}],"wp:term":[{"taxonomy":"category","embeddable":true,"href":"https:\/\/www.salbis.es\/en\/wp-json\/wp\/v2\/categories?post=5790"},{"taxonomy":"post_tag","embeddable":true,"href":"https:\/\/www.salbis.es\/en\/wp-json\/wp\/v2\/tags?post=5790"}],"curies":[{"name":"wp","href":"https:\/\/api.w.org\/{rel}","templated":true}]}}