{"id":5749,"date":"2019-02-15T15:07:25","date_gmt":"2019-02-15T14:07:25","guid":{"rendered":"https:\/\/www.salbis.es\/?p=5749"},"modified":"2019-02-15T15:07:25","modified_gmt":"2019-02-15T14:07:25","slug":"victoria-seco-telecommunications-managing-director-at-junta-de-castilla-y-leon-and-carlos-polanco-research-pro-vice-chancellor-at-univerisdad-de-leon-inaugurated-the-talk-women-engineers-m","status":"publish","type":"post","link":"https:\/\/www.salbis.es\/en\/2019\/02\/15\/victoria-seco-telecommunications-managing-director-at-junta-de-castilla-y-leon-and-carlos-polanco-research-pro-vice-chancellor-at-univerisdad-de-leon-inaugurated-the-talk-women-engineers-m\/","title":{"rendered":"Victoria Seco, Telecommunications Managing Director at Junta de Castilla y Le\u00f3n, and Carlos Polanco, Research Pro-Vice-Chancellor at Univerisdad de Le\u00f3n inaugurated the talk \u201cWomen Engineers made in Le\u00f3n\u201d organized by the SALBIS and SECOMUCI research groups."},"content":{"rendered":"<p>The talk \u201cWomen Engineers made in Le\u00f3n\u201d, organized by the SALBIS and SECOMUCI research groups, has closed the set of sessions organized by Universidad de Le\u00f3n for celebrating the International Day of Women and Girls in Science. The Telecommunications Managing Director at Junta de Castilla y Le\u00f3n, Victoria Seco, inaugurated the talk pointing out that \u201cwomen are a key instrument in in science and technology\u201d.<\/p>\n<p>The Research Pro-Vice-Chancellor at Univerisdad de Le\u00f3n, Carlos Polanco, also attended the talk, highlighting the great work that women researchers from Univesidad de Le\u00f3n have accomplished within these special days.<\/p>\n<p><a href=\"https:\/\/www.salbis.es\/team\/carmen-benavides-cuellar\/\" target=\"_blank\" rel=\"noopener\">Carmen Benavides<\/a> and <a href=\"https:\/\/www.salbis.es\/team\/jose-alberto-benitez-andrades\/\" target=\"_blank\" rel=\"noopener\">Jos\u00e9 Alberto Ben\u00edtez<\/a> have shown the research labour that engineers undertake within the SALBIS and SECOMUCI groups where, using Artificial Intelligence techniques, a number of applications are being developed for helping people with Autism Spectrum Disorder (ASD) or for detecting cybersecurity problems in the Internet of Things devices in our homes.<\/p>\n\n\t\t<style type=\"text\/css\">\n\t\t\t#gallery-1 {\n\t\t\t\tmargin: auto;\n\t\t\t}\n\t\t\t#gallery-1 .gallery-item {\n\t\t\t\tfloat: left;\n\t\t\t\tmargin-top: 10px;\n\t\t\t\ttext-align: center;\n\t\t\t\twidth: 33%;\n\t\t\t}\n\t\t\t#gallery-1 img {\n\t\t\t\tborder: 2px solid #cfcfcf;\n\t\t\t}\n\t\t\t#gallery-1 .gallery-caption {\n\t\t\t\tmargin-left: 0;\n\t\t\t}\n\t\t\t\/* see gallery_shortcode() in wp-includes\/media.php *\/\n\t\t<\/style>\n\t\t<div id='gallery-1' class='gallery galleryid-5749 gallery-columns-3 gallery-size-full'><dl class='gallery-item'>\n\t\t\t<dt class='gallery-icon landscape'>\n\t\t\t\t<a href='https:\/\/www.salbis.es\/wp-content\/uploads\/2019\/02\/DSC05894.jpg'><img fetchpriority=\"high\" decoding=\"async\" width=\"6000\" height=\"3376\" src=\"https:\/\/www.salbis.es\/wp-content\/uploads\/2019\/02\/DSC05894.jpg\" class=\"attachment-full size-full\" alt=\"\" srcset=\"https:\/\/www.salbis.es\/wp-content\/uploads\/2019\/02\/DSC05894.jpg 6000w, https:\/\/www.salbis.es\/wp-content\/uploads\/2019\/02\/DSC05894-300x169.jpg 300w, https:\/\/www.salbis.es\/wp-content\/uploads\/2019\/02\/DSC05894-768x432.jpg 768w, https:\/\/www.salbis.es\/wp-content\/uploads\/2019\/02\/DSC05894-1024x576.jpg 1024w\" sizes=\"(max-width: 6000px) 100vw, 6000px\" \/><\/a>\n\t\t\t<\/dt><\/dl><dl class='gallery-item'>\n\t\t\t<dt class='gallery-icon landscape'>\n\t\t\t\t<a href='https:\/\/www.salbis.es\/wp-content\/uploads\/2019\/02\/DSC05893.jpg'><img decoding=\"async\" width=\"6000\" height=\"3376\" src=\"https:\/\/www.salbis.es\/wp-content\/uploads\/2019\/02\/DSC05893.jpg\" class=\"attachment-full size-full\" alt=\"\" srcset=\"https:\/\/www.salbis.es\/wp-content\/uploads\/2019\/02\/DSC05893.jpg 6000w, https:\/\/www.salbis.es\/wp-content\/uploads\/2019\/02\/DSC05893-300x169.jpg 300w, https:\/\/www.salbis.es\/wp-content\/uploads\/2019\/02\/DSC05893-768x432.jpg 768w, https:\/\/www.salbis.es\/wp-content\/uploads\/2019\/02\/DSC05893-1024x576.jpg 1024w\" sizes=\"(max-width: 6000px) 100vw, 6000px\" \/><\/a>\n\t\t\t<\/dt><\/dl><dl class='gallery-item'>\n\t\t\t<dt class='gallery-icon landscape'>\n\t\t\t\t<a href='https:\/\/www.salbis.es\/wp-content\/uploads\/2019\/02\/DSC05896.jpg'><img decoding=\"async\" width=\"6000\" height=\"3376\" src=\"https:\/\/www.salbis.es\/wp-content\/uploads\/2019\/02\/DSC05896.jpg\" class=\"attachment-full size-full\" alt=\"\" srcset=\"https:\/\/www.salbis.es\/wp-content\/uploads\/2019\/02\/DSC05896.jpg 6000w, https:\/\/www.salbis.es\/wp-content\/uploads\/2019\/02\/DSC05896-300x169.jpg 300w, https:\/\/www.salbis.es\/wp-content\/uploads\/2019\/02\/DSC05896-768x432.jpg 768w, https:\/\/www.salbis.es\/wp-content\/uploads\/2019\/02\/DSC05896-1024x576.jpg 1024w\" sizes=\"(max-width: 6000px) 100vw, 6000px\" \/><\/a>\n\t\t\t<\/dt><\/dl><br style=\"clear: both\" \/><dl class='gallery-item'>\n\t\t\t<dt class='gallery-icon landscape'>\n\t\t\t\t<a href='https:\/\/www.salbis.es\/wp-content\/uploads\/2019\/02\/DSC05901.jpg'><img loading=\"lazy\" decoding=\"async\" width=\"6000\" height=\"3376\" src=\"https:\/\/www.salbis.es\/wp-content\/uploads\/2019\/02\/DSC05901.jpg\" class=\"attachment-full size-full\" alt=\"\" srcset=\"https:\/\/www.salbis.es\/wp-content\/uploads\/2019\/02\/DSC05901.jpg 6000w, https:\/\/www.salbis.es\/wp-content\/uploads\/2019\/02\/DSC05901-300x169.jpg 300w, https:\/\/www.salbis.es\/wp-content\/uploads\/2019\/02\/DSC05901-768x432.jpg 768w, https:\/\/www.salbis.es\/wp-content\/uploads\/2019\/02\/DSC05901-1024x576.jpg 1024w\" sizes=\"(max-width: 6000px) 100vw, 6000px\" \/><\/a>\n\t\t\t<\/dt><\/dl><dl class='gallery-item'>\n\t\t\t<dt class='gallery-icon landscape'>\n\t\t\t\t<a href='https:\/\/www.salbis.es\/wp-content\/uploads\/2019\/02\/DSC05903.jpg'><img loading=\"lazy\" decoding=\"async\" width=\"6000\" height=\"3376\" src=\"https:\/\/www.salbis.es\/wp-content\/uploads\/2019\/02\/DSC05903.jpg\" class=\"attachment-full size-full\" alt=\"\" srcset=\"https:\/\/www.salbis.es\/wp-content\/uploads\/2019\/02\/DSC05903.jpg 6000w, https:\/\/www.salbis.es\/wp-content\/uploads\/2019\/02\/DSC05903-300x169.jpg 300w, https:\/\/www.salbis.es\/wp-content\/uploads\/2019\/02\/DSC05903-768x432.jpg 768w, https:\/\/www.salbis.es\/wp-content\/uploads\/2019\/02\/DSC05903-1024x576.jpg 1024w\" sizes=\"(max-width: 6000px) 100vw, 6000px\" \/><\/a>\n\t\t\t<\/dt><\/dl>\n\t\t\t<br style='clear: both' \/>\n\t\t<\/div>\n\n<p>&nbsp;<\/p>\n<p>The talk &#8220;Ingenieras made in Le\u00f3n&#8221; was also delivered at the Ornia Secondary School in La Ba\u00f1eza yesterday where more than a hundred of kids of 3rd and 4rd level of ESO attended.<\/p>\n\n\t\t<style type=\"text\/css\">\n\t\t\t#gallery-2 {\n\t\t\t\tmargin: auto;\n\t\t\t}\n\t\t\t#gallery-2 .gallery-item {\n\t\t\t\tfloat: left;\n\t\t\t\tmargin-top: 10px;\n\t\t\t\ttext-align: center;\n\t\t\t\twidth: 33%;\n\t\t\t}\n\t\t\t#gallery-2 img {\n\t\t\t\tborder: 2px solid #cfcfcf;\n\t\t\t}\n\t\t\t#gallery-2 .gallery-caption {\n\t\t\t\tmargin-left: 0;\n\t\t\t}\n\t\t\t\/* see gallery_shortcode() in wp-includes\/media.php *\/\n\t\t<\/style>\n\t\t<div id='gallery-2' class='gallery galleryid-5749 gallery-columns-3 gallery-size-full'><dl class='gallery-item'>\n\t\t\t<dt class='gallery-icon landscape'>\n\t\t\t\t<a href='https:\/\/www.salbis.es\/wp-content\/uploads\/2019\/02\/DSC05888.jpg'><img loading=\"lazy\" decoding=\"async\" width=\"6000\" height=\"3376\" src=\"https:\/\/www.salbis.es\/wp-content\/uploads\/2019\/02\/DSC05888.jpg\" class=\"attachment-full size-full\" alt=\"\" srcset=\"https:\/\/www.salbis.es\/wp-content\/uploads\/2019\/02\/DSC05888.jpg 6000w, https:\/\/www.salbis.es\/wp-content\/uploads\/2019\/02\/DSC05888-300x169.jpg 300w, https:\/\/www.salbis.es\/wp-content\/uploads\/2019\/02\/DSC05888-768x432.jpg 768w, https:\/\/www.salbis.es\/wp-content\/uploads\/2019\/02\/DSC05888-1024x576.jpg 1024w\" sizes=\"(max-width: 6000px) 100vw, 6000px\" \/><\/a>\n\t\t\t<\/dt><\/dl><dl class='gallery-item'>\n\t\t\t<dt class='gallery-icon landscape'>\n\t\t\t\t<a href='https:\/\/www.salbis.es\/wp-content\/uploads\/2019\/02\/DSC05874.jpg'><img loading=\"lazy\" decoding=\"async\" width=\"6000\" height=\"3376\" src=\"https:\/\/www.salbis.es\/wp-content\/uploads\/2019\/02\/DSC05874.jpg\" class=\"attachment-full size-full\" alt=\"\" srcset=\"https:\/\/www.salbis.es\/wp-content\/uploads\/2019\/02\/DSC05874.jpg 6000w, https:\/\/www.salbis.es\/wp-content\/uploads\/2019\/02\/DSC05874-300x169.jpg 300w, https:\/\/www.salbis.es\/wp-content\/uploads\/2019\/02\/DSC05874-768x432.jpg 768w, https:\/\/www.salbis.es\/wp-content\/uploads\/2019\/02\/DSC05874-1024x576.jpg 1024w\" sizes=\"(max-width: 6000px) 100vw, 6000px\" \/><\/a>\n\t\t\t<\/dt><\/dl><dl class='gallery-item'>\n\t\t\t<dt class='gallery-icon landscape'>\n\t\t\t\t<a href='https:\/\/www.salbis.es\/wp-content\/uploads\/2019\/02\/DSC05860.jpg'><img loading=\"lazy\" decoding=\"async\" width=\"6000\" height=\"3376\" src=\"https:\/\/www.salbis.es\/wp-content\/uploads\/2019\/02\/DSC05860.jpg\" class=\"attachment-full size-full\" alt=\"\" srcset=\"https:\/\/www.salbis.es\/wp-content\/uploads\/2019\/02\/DSC05860.jpg 6000w, https:\/\/www.salbis.es\/wp-content\/uploads\/2019\/02\/DSC05860-300x169.jpg 300w, https:\/\/www.salbis.es\/wp-content\/uploads\/2019\/02\/DSC05860-768x432.jpg 768w, https:\/\/www.salbis.es\/wp-content\/uploads\/2019\/02\/DSC05860-1024x576.jpg 1024w\" sizes=\"(max-width: 6000px) 100vw, 6000px\" \/><\/a>\n\t\t\t<\/dt><\/dl><br style=\"clear: both\" \/><dl class='gallery-item'>\n\t\t\t<dt class='gallery-icon landscape'>\n\t\t\t\t<a href='https:\/\/www.salbis.es\/wp-content\/uploads\/2019\/02\/DSC05858.jpg'><img loading=\"lazy\" decoding=\"async\" width=\"6000\" height=\"3376\" src=\"https:\/\/www.salbis.es\/wp-content\/uploads\/2019\/02\/DSC05858.jpg\" class=\"attachment-full size-full\" alt=\"\" srcset=\"https:\/\/www.salbis.es\/wp-content\/uploads\/2019\/02\/DSC05858.jpg 6000w, https:\/\/www.salbis.es\/wp-content\/uploads\/2019\/02\/DSC05858-300x169.jpg 300w, https:\/\/www.salbis.es\/wp-content\/uploads\/2019\/02\/DSC05858-768x432.jpg 768w, https:\/\/www.salbis.es\/wp-content\/uploads\/2019\/02\/DSC05858-1024x576.jpg 1024w\" sizes=\"(max-width: 6000px) 100vw, 6000px\" \/><\/a>\n\t\t\t<\/dt><\/dl><dl class='gallery-item'>\n\t\t\t<dt class='gallery-icon landscape'>\n\t\t\t\t<a href='https:\/\/www.salbis.es\/wp-content\/uploads\/2019\/02\/DSC05854.jpg'><img loading=\"lazy\" decoding=\"async\" width=\"6000\" height=\"3376\" src=\"https:\/\/www.salbis.es\/wp-content\/uploads\/2019\/02\/DSC05854.jpg\" class=\"attachment-full size-full\" alt=\"\" srcset=\"https:\/\/www.salbis.es\/wp-content\/uploads\/2019\/02\/DSC05854.jpg 6000w, https:\/\/www.salbis.es\/wp-content\/uploads\/2019\/02\/DSC05854-300x169.jpg 300w, https:\/\/www.salbis.es\/wp-content\/uploads\/2019\/02\/DSC05854-768x432.jpg 768w, https:\/\/www.salbis.es\/wp-content\/uploads\/2019\/02\/DSC05854-1024x576.jpg 1024w\" sizes=\"(max-width: 6000px) 100vw, 6000px\" \/><\/a>\n\t\t\t<\/dt><\/dl>\n\t\t\t<br style='clear: both' \/>\n\t\t<\/div>\n\n<p>The people involved in this activity were: Carmen Benavides, Jos\u00e9 Alberto Ben\u00edtez, Isa\u00edas Garc\u00eda, H\u00e9ctor Al\u00e1iz Moret\u00f3n, Inmaculado Gonz\u00e1lez, Victoria Seco (Directora General de Comunicaciones de la Junta de Castilla y Le\u00f3n), Carlos Polanco de la Puente, Vicerrector de Investigaci\u00f3n de la ULE<\/p>\n","protected":false},"excerpt":{"rendered":"<p>The talk \u201cWomen Engineers made in Le\u00f3n\u201d, organized by the SALBIS and SECOMUCI research groups, has closed the set of sessions organized by Universidad de Le\u00f3n for celebrating the International Day of Women and Girls in Science. The Telecommunications Managing Director at Junta de Castilla y Le\u00f3n, Victoria Seco, inaugurated the talk pointing out that [&hellip;]<\/p>\n","protected":false},"author":1,"featured_media":5728,"comment_status":"open","ping_status":"open","sticky":false,"template":"","format":"standard","meta":{"footnotes":""},"categories":[82],"tags":[],"class_list":["post-5749","post","type-post","status-publish","format-standard","has-post-thumbnail","hentry","category-international-day-of-women-and-girls-in-science"],"aioseo_notices":[],"_links":{"self":[{"href":"https:\/\/www.salbis.es\/en\/wp-json\/wp\/v2\/posts\/5749","targetHints":{"allow":["GET"]}}],"collection":[{"href":"https:\/\/www.salbis.es\/en\/wp-json\/wp\/v2\/posts"}],"about":[{"href":"https:\/\/www.salbis.es\/en\/wp-json\/wp\/v2\/types\/post"}],"author":[{"embeddable":true,"href":"https:\/\/www.salbis.es\/en\/wp-json\/wp\/v2\/users\/1"}],"replies":[{"embeddable":true,"href":"https:\/\/www.salbis.es\/en\/wp-json\/wp\/v2\/comments?post=5749"}],"version-history":[{"count":2,"href":"https:\/\/www.salbis.es\/en\/wp-json\/wp\/v2\/posts\/5749\/revisions"}],"predecessor-version":[{"id":5752,"href":"https:\/\/www.salbis.es\/en\/wp-json\/wp\/v2\/posts\/5749\/revisions\/5752"}],"wp:featuredmedia":[{"embeddable":true,"href":"https:\/\/www.salbis.es\/en\/wp-json\/wp\/v2\/media\/5728"}],"wp:attachment":[{"href":"https:\/\/www.salbis.es\/en\/wp-json\/wp\/v2\/media?parent=5749"}],"wp:term":[{"taxonomy":"category","embeddable":true,"href":"https:\/\/www.salbis.es\/en\/wp-json\/wp\/v2\/categories?post=5749"},{"taxonomy":"post_tag","embeddable":true,"href":"https:\/\/www.salbis.es\/en\/wp-json\/wp\/v2\/tags?post=5749"}],"curies":[{"name":"wp","href":"https:\/\/api.w.org\/{rel}","templated":true}]}}