{"id":5062,"date":"2017-12-10T23:51:43","date_gmt":"2017-12-10T22:51:43","guid":{"rendered":"https:\/\/www.salbis.es\/?p=5062"},"modified":"2018-06-03T00:06:53","modified_gmt":"2018-06-02T22:06:53","slug":"doctoral-thesis-semantic-technologies-applied-to-social-network-analysis-in-health","status":"publish","type":"post","link":"https:\/\/www.salbis.es\/en\/2017\/12\/10\/doctoral-thesis-semantic-technologies-applied-to-social-network-analysis-in-health\/","title":{"rendered":"Doctoral thesis: Semantic Technologies applied to Social Network Analysis in health."},"content":{"rendered":"<p>Last December 1, 2017, our mate\u00a0<strong>Jos\u00e9 Alberto Ben\u00edtez Andrades<\/strong>,\u00a0defended his doctoral thesis entitled <strong>&#8220;Semantic Technologies applied to Social Network Analysis in health&#8221;\u00a0<\/strong>at Degree Rom in\u00a0<a href=\"http:\/\/ingenierias.unileon.es\" target=\"_blank\" rel=\"noopener\">Escuela de Ingenier\u00edas Industrial e Inform\u00e1tica<\/a>\u00a0 , at the\u00a0<a href=\"http:\/\/www.unileon.es\" target=\"_blank\" rel=\"noopener\">Universidad de Le\u00f3n<\/a>.<\/p>\n<p>You can download the memory of the doctoral thesis, as well as the presentation:<\/p>\n<ol>\n<li><a href=\"http:\/\/www.jabenitez.com\/personal\/TESIS\/Tesis_Tecnologias_Semanticas_Aplicadas_Al_Analisis_de_Redes_Sociales_en_el_ambito_de_la_salud.pdf\" target=\"_blank\" rel=\"noopener\">Doctoral Thesis memory<\/a>.<\/li>\n<li><a href=\"http:\/\/www.jabenitez.com\/personal\/TESIS\/Presentacion_Tecnologias_Semanticas_Aplicadas_Al_Analisis_De_Redes_Sociales_En_El_Ambito_De_La_Salud.pdf\" target=\"_blank\" rel=\"noopener\">Presentation.<\/a><\/li>\n<\/ol>\n<div class=\"video-container\"><iframe title=\"Defensa de tesis doctoral - Tecnolog\u00edas Sem\u00e1nticas\" width=\"1060\" height=\"596\" src=\"https:\/\/www.youtube.com\/embed\/laAXQFqsiSg?feature=oembed\" frameborder=\"0\" allow=\"accelerometer; autoplay; clipboard-write; encrypted-media; gyroscope; picture-in-picture\" allowfullscreen><\/iframe><\/div>\n<p>&nbsp;<\/p>\n\n\t\t<style type=\"text\/css\">\n\t\t\t#gallery-1 {\n\t\t\t\tmargin: auto;\n\t\t\t}\n\t\t\t#gallery-1 .gallery-item {\n\t\t\t\tfloat: left;\n\t\t\t\tmargin-top: 10px;\n\t\t\t\ttext-align: center;\n\t\t\t\twidth: 50%;\n\t\t\t}\n\t\t\t#gallery-1 img {\n\t\t\t\tborder: 2px solid #cfcfcf;\n\t\t\t}\n\t\t\t#gallery-1 .gallery-caption {\n\t\t\t\tmargin-left: 0;\n\t\t\t}\n\t\t\t\/* see gallery_shortcode() in wp-includes\/media.php *\/\n\t\t<\/style>\n\t\t<div id='gallery-1' class='gallery galleryid-5062 gallery-columns-2 gallery-size-medium'><dl class='gallery-item'>\n\t\t\t<dt class='gallery-icon landscape'>\n\t\t\t\t<a href='https:\/\/www.salbis.es\/wp-content\/uploads\/2018\/06\/DSC03653.jpg'><img fetchpriority=\"high\" decoding=\"async\" width=\"300\" height=\"169\" src=\"https:\/\/www.salbis.es\/wp-content\/uploads\/2018\/06\/DSC03653-300x169.jpg\" class=\"attachment-medium size-medium\" alt=\"\" aria-describedby=\"gallery-1-4801\" srcset=\"https:\/\/www.salbis.es\/wp-content\/uploads\/2018\/06\/DSC03653-300x169.jpg 300w, https:\/\/www.salbis.es\/wp-content\/uploads\/2018\/06\/DSC03653-768x432.jpg 768w, https:\/\/www.salbis.es\/wp-content\/uploads\/2018\/06\/DSC03653-1024x576.jpg 1024w\" sizes=\"(max-width: 300px) 100vw, 300px\" \/><\/a>\n\t\t\t<\/dt>\n\t\t\t\t<dd class='wp-caption-text gallery-caption' id='gallery-1-4801'>\n\t\t\t\tCarmen Benavides, Jos\u00e9 Alberto Ben\u00edtez Andrades, Pilar Marqu\u00e9s S\u00e1nchez y Enrique Bay\u00f3n Darkistade (Grupo SALBIS)\n\t\t\t\t<\/dd><\/dl><dl class='gallery-item'>\n\t\t\t<dt class='gallery-icon landscape'>\n\t\t\t\t<a href='https:\/\/www.salbis.es\/wp-content\/uploads\/2018\/06\/DSC03668.jpg'><img decoding=\"async\" width=\"300\" height=\"169\" src=\"https:\/\/www.salbis.es\/wp-content\/uploads\/2018\/06\/DSC03668-300x169.jpg\" class=\"attachment-medium size-medium\" alt=\"\" aria-describedby=\"gallery-1-4803\" srcset=\"https:\/\/www.salbis.es\/wp-content\/uploads\/2018\/06\/DSC03668-300x169.jpg 300w, https:\/\/www.salbis.es\/wp-content\/uploads\/2018\/06\/DSC03668-768x432.jpg 768w, https:\/\/www.salbis.es\/wp-content\/uploads\/2018\/06\/DSC03668-1024x576.jpg 1024w\" sizes=\"(max-width: 300px) 100vw, 300px\" \/><\/a>\n\t\t\t<\/dt>\n\t\t\t\t<dd class='wp-caption-text gallery-caption' id='gallery-1-4803'>\n\t\t\t\tDoctorando, tribunal, directores y miembros del grupo salbis\n\t\t\t\t<\/dd><\/dl><br style=\"clear: both\" \/>\n\t\t<\/div>\n\n","protected":false},"excerpt":{"rendered":"<p>Last December 1, 2017, our mate\u00a0Jos\u00e9 Alberto Ben\u00edtez Andrades,\u00a0defended his doctoral thesis entitled &#8220;Semantic Technologies applied to Social Network Analysis in health&#8221;\u00a0at Degree Rom in\u00a0Escuela de Ingenier\u00edas Industrial e Inform\u00e1tica\u00a0 , at the\u00a0Universidad de Le\u00f3n. You can download the memory of the doctoral thesis, as well as the presentation: Doctoral Thesis memory. Presentation. &nbsp;<\/p>\n","protected":false},"author":1,"featured_media":4801,"comment_status":"open","ping_status":"open","sticky":false,"template":"","format":"standard","meta":{"footnotes":""},"categories":[59,58],"tags":[],"class_list":["post-5062","post","type-post","status-publish","format-standard","has-post-thumbnail","hentry","category-doctoral-thesis","category-research"],"aioseo_notices":[],"_links":{"self":[{"href":"https:\/\/www.salbis.es\/en\/wp-json\/wp\/v2\/posts\/5062","targetHints":{"allow":["GET"]}}],"collection":[{"href":"https:\/\/www.salbis.es\/en\/wp-json\/wp\/v2\/posts"}],"about":[{"href":"https:\/\/www.salbis.es\/en\/wp-json\/wp\/v2\/types\/post"}],"author":[{"embeddable":true,"href":"https:\/\/www.salbis.es\/en\/wp-json\/wp\/v2\/users\/1"}],"replies":[{"embeddable":true,"href":"https:\/\/www.salbis.es\/en\/wp-json\/wp\/v2\/comments?post=5062"}],"version-history":[{"count":2,"href":"https:\/\/www.salbis.es\/en\/wp-json\/wp\/v2\/posts\/5062\/revisions"}],"predecessor-version":[{"id":5068,"href":"https:\/\/www.salbis.es\/en\/wp-json\/wp\/v2\/posts\/5062\/revisions\/5068"}],"wp:featuredmedia":[{"embeddable":true,"href":"https:\/\/www.salbis.es\/en\/wp-json\/wp\/v2\/media\/4801"}],"wp:attachment":[{"href":"https:\/\/www.salbis.es\/en\/wp-json\/wp\/v2\/media?parent=5062"}],"wp:term":[{"taxonomy":"category","embeddable":true,"href":"https:\/\/www.salbis.es\/en\/wp-json\/wp\/v2\/categories?post=5062"},{"taxonomy":"post_tag","embeddable":true,"href":"https:\/\/www.salbis.es\/en\/wp-json\/wp\/v2\/tags?post=5062"}],"curies":[{"name":"wp","href":"https:\/\/api.w.org\/{rel}","templated":true}]}}